{
    "id": 3,
    "date": "2024-12-03T11:06:18",
    "date_gmt": "2024-12-03T11:06:18",
    "guid": {
        "rendered": "https:\/\/zepecafe-webaruhaz.hu\/?page_id=3"
    },
    "modified": "2025-03-12T08:47:22",
    "modified_gmt": "2025-03-12T08:47:22",
    "slug": "adatvedelmi-tajekoztato",
    "status": "publish",
    "type": "page",
    "link": "http:\/\/zepecafe-webaruhaz.hu\/en_us\/adatvedelmi-tajekoztato\/",
    "title": {
        "rendered": "Adatv\u00e9delmi T\u00e1j\u00e9koztat\u00f3"
    },
    "content": {
        "rendered": "<p><\/p>\n\n\n\n<p>A jelen t\u00e1j\u00e9koztat\u00f3 a Z\u00e9-P\u00e9 Caf\u00e9 Kft. (a tov\u00e1bbiakban: a \u201eSzolg\u00e1ltat\u00f3\u201d) \u00e1ltal \u00fczemeltetett honlapon www.zepecafe.hu internetes \u00fczletben (a \u201eWeb\u00e1ruh\u00e1z\u201d) t\u00f6rt\u00e9n\u0151 v\u00e1s\u00e1rl\u00e1s kapcs\u00e1n a v\u00e1s\u00e1rl\u00f3val kapcsolatos adatkezel\u00e9si szab\u00e1lyokat tartalmazza, amely a 2011. \u00e9vi CXII. t\u00f6rv\u00e9ny az inform\u00e1ci\u00f3s \u00f6nrendelkez\u00e9si jogr\u00f3l \u00e9s az inform\u00e1ci\u00f3szabads\u00e1gr\u00f3l sz\u00f3l\u00f3 t\u00f6rv\u00e9ny alapj\u00e1n k\u00e9sz\u00fclt.<\/p>\n\n\n\n<p>Az adatgy\u0171jt\u00e9s c\u00e9lja: Szolg\u00e1ltat\u00f3 a weboldal teljes k\u00f6r\u0171 haszn\u00e1lata, szolg\u00e1ltat\u00e1s ny\u00fajt\u00e1s\u00e1ra ir\u00e1nyul\u00f3 szerz\u0151d\u00e9s l\u00e9trehoz\u00e1sa, tartalm\u00e1nak meghat\u00e1roz\u00e1sa, m\u00f3dos\u00edt\u00e1sa, teljes\u00edt\u00e9s\u00e9nek figyelemmel k\u00eds\u00e9r\u00e9se, az abb\u00f3l sz\u00e1rmaz\u00f3 d\u00edjak sz\u00e1ml\u00e1z\u00e1sa, valamint az azzal kapcsolatos k\u00f6vetel\u00e9sek \u00e9rv\u00e9nyes\u00edt\u00e9se, tov\u00e1bb\u00e1 h\u00edrlev\u00e9l k\u00fcld\u00e9s ny\u00fajt\u00e1s\u00e1nak c\u00e9lj\u00e1b\u00f3l kezeli a Felhaszn\u00e1l\u00f3k szem\u00e9lyes adatait.<\/p>\n\n\n\n<p>Az adatkezel\u00e9s jogalapja:&nbsp;a Felhaszn\u00e1l\u00f3 hozz\u00e1j\u00e1rul\u00e1sa, illetve az elektronikus kereskedelemi szolg\u00e1ltat\u00e1sok, valamint az inform\u00e1ci\u00f3s t\u00e1rsadalommal \u00f6sszef\u00fcgg\u0151 szolg\u00e1ltat\u00e1sok egyes k\u00e9rd\u00e9seir\u0151l sz\u00f3l\u00f3 2001. \u00e9vi CVIII. t\u00f6rv\u00e9ny (a tov\u00e1bbiakban: Elker tv.) 13\/A. \u00a7 (3) bekezd\u00e9se: A szolg\u00e1ltat\u00f3 az inform\u00e1ci\u00f3s t\u00e1rsadalommal \u00f6sszef\u00fcgg\u0151 szolg\u00e1ltat\u00e1s ny\u00fajt\u00e1s\u00e1ra ir\u00e1nyul\u00f3 szerz\u0151d\u00e9s l\u00e9trehoz\u00e1sa, tartalm\u00e1nak meghat\u00e1roz\u00e1sa, m\u00f3dos\u00edt\u00e1sa, teljes\u00edt\u00e9s\u00e9nek figyelemmel k\u00eds\u00e9r\u00e9se, az abb\u00f3l sz\u00e1rmaz\u00f3 d\u00edjak sz\u00e1ml\u00e1z\u00e1sa, valamint az azzal kapcsolatos k\u00f6vetel\u00e9sek \u00e9rv\u00e9nyes\u00edt\u00e9se c\u00e9lj\u00e1b\u00f3l kezelheti az ig\u00e9nybe vev\u0151 azonos\u00edt\u00e1s\u00e1hoz sz\u00fcks\u00e9ges term\u00e9szetes szem\u00e9lyazonos\u00edt\u00f3 adatokat \u00e9s lakc\u00edmet.<\/p>\n\n\n\n<p>Az adatkezel\u00e9sre \u00e9s az adatfeldolgoz\u00e1sra jogosult szem\u00e9lye: A&nbsp;szem\u00e9lyes adatokat az adatkezel\u0151 munkat\u00e1rsai kezelhetik, a fenti alapelvek tiszteletben tart\u00e1s\u00e1val.<\/p>\n\n\n\n<p>Az adatkezel\u00e9s id\u0151tartama, az adatok t\u00f6rl\u00e9s\u00e9nek hat\u00e1rideje:&nbsp;A regisztr\u00e1ci\u00f3 t\u00f6rl\u00e9s\u00e9vel\/v\u00e1s\u00e1rl\u00e1s befejez\u00e9se ut\u00e1n azonnal. Kiv\u00e9ve a sz\u00e1mviteli bizonylatok eset\u00e9ben, mert a Sz\u00e1mvitelr\u0151l sz\u00f3l\u00f3 2000. \u00e9vi C. t\u00f6rv\u00e9ny 169. \u00a7 (2) bekezd\u00e9se alapj\u00e1n 8 \u00e9vig meg kell \u0151rizni ezeket az adatokat.<\/p>\n\n\n\n<p>Adatgy\u0171jt\u00e9s t\u00e9nye, a kezelt adatok k\u00f6re: Jelsz\u00f3, vezet\u00e9k- \u00e9s keresztn\u00e9v, e-mail c\u00edm, telefonsz\u00e1m, sz\u00e1ll\u00edt\u00e1si c\u00edm, sz\u00e1ll\u00edt\u00e1si n\u00e9v, sz\u00e1ml\u00e1z\u00e1si c\u00edm, sz\u00e1ml\u00e1z\u00e1si n\u00e9v, fizetend\u0151 \u00f6sszeg, a regisztr\u00e1ci\u00f3\/v\u00e1s\u00e1rl\u00e1skori id\u0151pontja, regisztr\u00e1ci\u00f3kori\/v\u00e1s\u00e1rl\u00e1skori IP c\u00edm.<\/p>\n\n\n\n<p>Az \u00e9rintettek k\u00f6re: A web\u00e1ruh\u00e1z weboldalon regisztr\u00e1lt\/v\u00e1s\u00e1rl\u00f3 valamennyi \u00e9rintett.<\/p>\n\n\n\n<p>Az \u00e9rintettek adatkezel\u00e9ssel kapcsolatos jogainak ismertet\u00e9se:&nbsp;A szem\u00e9lyes adatok t\u00f6rl\u00e9s\u00e9t, vagy m\u00f3dos\u00edt\u00e1s\u00e1t az al\u00e1bbi m\u00f3dokon tudja \u00e9rintett kezdem\u00e9nyezni: postai \u00faton Z\u00e9-P\u00e9 Caf\u00e9 Kft 5600 B\u00e9k\u00e9scsaba, Lahner u. 15.c\u00edmen, e-mail \u00fatj\u00e1n&nbsp;webaruhaz@zepecafe.hu&nbsp; e-mail c\u00edmen.<\/p>\n\n\n\n<p>Szem\u00e9lyes adat kiz\u00e1r\u00f3lag meghat\u00e1rozott c\u00e9lb\u00f3l, jog gyakorl\u00e1sa \u00e9s k\u00f6telezetts\u00e9g teljes\u00edt\u00e9se \u00e9rdek\u00e9ben kezelhet\u0151. Az adatkezel\u00e9snek minden szakasz\u00e1ban meg kell felelnie az adatkezel\u00e9s c\u00e9lj\u00e1nak, az adatok felv\u00e9tel\u00e9nek \u00e9s kezel\u00e9s\u00e9nek tisztess\u00e9gesnek \u00e9s t\u00f6rv\u00e9nyesnek kell lennie. Csak olyan szem\u00e9lyes adat kezelhet\u0151, amely az adatkezel\u00e9s c\u00e9lj\u00e1nak megval\u00f3sul\u00e1s\u00e1hoz elengedhetetlen, a c\u00e9l el\u00e9r\u00e9s\u00e9re alkalmas. A szem\u00e9lyes adat csak a c\u00e9l megval\u00f3sul\u00e1s\u00e1hoz sz\u00fcks\u00e9ges m\u00e9rt\u00e9kben \u00e9s ideig kezelhet\u0151. A szem\u00e9lyes adat az adatkezel\u00e9s sor\u00e1n mindaddig meg\u0151rzi e min\u0151s\u00e9g\u00e9t, am\u00edg kapcsolata az \u00e9rintettel helyre\u00e1ll\u00edthat\u00f3. Az \u00e9rintettel akkor helyre\u00e1ll\u00edthat\u00f3 a kapcsolat, ha az adatkezel\u0151 rendelkezik azokkal a technikai felt\u00e9telekkel, amelyek a helyre\u00e1ll\u00edt\u00e1shoz sz\u00fcks\u00e9gesek. Az adatkezel\u00e9s sor\u00e1n biztos\u00edtani kell az adatok pontoss\u00e1g\u00e1t, teljess\u00e9g\u00e9t \u00e9s naprak\u00e9szs\u00e9g\u00e9t, valamint azt, hogy az \u00e9rintettet csak az adatkezel\u00e9s c\u00e9lj\u00e1hoz sz\u00fcks\u00e9ges ideig lehessen azonos\u00edtani.<\/p>\n\n\n\n<p>A szolg\u00e1ltat\u00f3 a szolg\u00e1ltat\u00e1s ny\u00fajt\u00e1sa c\u00e9lj\u00e1b\u00f3l kezelheti azon szem\u00e9lyes adatokat, amelyek a szolg\u00e1ltat\u00e1s ny\u00fajt\u00e1s\u00e1hoz technikailag elengedhetetlen\u00fcl sz\u00fcks\u00e9gesek. A szolg\u00e1ltat\u00f3nak az egy\u00e9b felt\u00e9telek azonoss\u00e1ga eset\u00e9n \u00fagy kell megv\u00e1lasztania \u00e9s minden esetben oly m\u00f3don kell \u00fczemeltetnie az inform\u00e1ci\u00f3s t\u00e1rsadalommal \u00f6sszef\u00fcgg\u0151 szolg\u00e1ltat\u00e1s ny\u00fajt\u00e1sa sor\u00e1n alkalmazott eszk\u00f6z\u00f6ket, hogy szem\u00e9lyes adatok kezel\u00e9s\u00e9re csak akkor ker\u00fclj\u00f6n sor, ha ez a szolg\u00e1ltat\u00e1s ny\u00fajt\u00e1s\u00e1hoz \u00e9s az e t\u00f6rv\u00e9nyben meghat\u00e1rozott egy\u00e9b c\u00e9lok teljes\u00fcl\u00e9s\u00e9hez felt\u00e9tlen\u00fcl sz\u00fcks\u00e9ges, azonban ebben az esetben is csak a sz\u00fcks\u00e9ges m\u00e9rt\u00e9kben \u00e9s ideig.<\/p>\n\n\n\n<p>Az ig\u00e9nybe vev\u0151nek az inform\u00e1ci\u00f3s t\u00e1rsadalommal \u00f6sszef\u00fcgg\u0151 szolg\u00e1ltat\u00e1s ig\u00e9nybev\u00e9tel\u00e9t megel\u0151z\u0151en \u00e9s a szolg\u00e1ltat\u00e1s ig\u00e9nybev\u00e9tele sor\u00e1n is folyamatosan biztos\u00edtani kell, hogy az adatkezel\u00e9st megtilthassa.<\/p>\n\n\n\n<p>A kezelt adatokat t\u00f6r\u00f6lni kell a szerz\u0151d\u00e9s l\u00e9trej\u00f6tt\u00e9nek elmarad\u00e1s\u00e1t, a szerz\u0151d\u00e9s megsz\u0171n\u00e9s\u00e9t, valamint a sz\u00e1ml\u00e1z\u00e1st k\u00f6vet\u0151en.<\/p>\n\n\n\n<p>A szolg\u00e1ltat\u00f3 a szolg\u00e1ltat\u00e1s ig\u00e9nybev\u00e9tel\u00e9vel kapcsolatos adatokat b\u00e1rmely egy\u00e9b c\u00e9lb\u00f3l &#8211; \u00edgy k\u00fcl\u00f6n\u00f6sen szolg\u00e1ltat\u00e1sa hat\u00e9konys\u00e1g\u00e1nak n\u00f6vel\u00e9se, az ig\u00e9nybe vev\u0151nek c\u00edmzett elektronikus hirdet\u00e9s vagy egy\u00e9b c\u00edmzett tartalom eljuttat\u00e1sa, piackutat\u00e1s c\u00e9lj\u00e1b\u00f3l &#8211; csak az adatkezel\u00e9si c\u00e9l el\u0151zetes meghat\u00e1roz\u00e1sa mellett \u00e9s az ig\u00e9nybe vev\u0151 hozz\u00e1j\u00e1rul\u00e1sa alapj\u00e1n kezelhet.<\/p>\n\n\n\n<p>Az ig\u00e9nybe vev\u0151nek az inform\u00e1ci\u00f3s t\u00e1rsadalommal \u00f6sszef\u00fcgg\u0151 szolg\u00e1ltat\u00e1s ig\u00e9nybev\u00e9tel\u00e9t megel\u0151z\u0151en \u00e9s a szolg\u00e1ltat\u00e1s ig\u00e9nybev\u00e9tele sor\u00e1n is folyamatosan biztos\u00edtani kell, hogy az adatkezel\u00e9st megtilthassa.<\/p>\n\n\n\n<p>A kezelt adatokat t\u00f6r\u00f6lni kell a szerz\u0151d\u00e9s l\u00e9trej\u00f6tt\u00e9nek elmarad\u00e1s\u00e1t, a szerz\u0151d\u00e9s megsz\u0171n\u00e9s\u00e9t, valamint a sz\u00e1ml\u00e1z\u00e1st k\u00f6vet\u0151en. Az adatokat t\u00f6r\u00f6lni kell, ha az adatkezel\u00e9si c\u00e9l megsz\u0171nt, vagy az ig\u00e9nybe vev\u0151 \u00edgy rendelkezik. T\u00f6rv\u00e9ny elt\u00e9r\u0151 rendelkez\u00e9se hi\u00e1ny\u00e1ban az adatt\u00f6rl\u00e9st halad\u00e9ktalanul el kell v\u00e9gezni.<\/p>\n\n\n\n<p>A szolg\u00e1ltat\u00f3nak biztos\u00edtania kell, hogy az ig\u00e9nybe vev\u0151 az inform\u00e1ci\u00f3s t\u00e1rsadalommal \u00f6sszef\u00fcgg\u0151 szolg\u00e1ltat\u00e1s ig\u00e9nybev\u00e9tele el\u0151tt \u00e9s az ig\u00e9nybev\u00e9tel sor\u00e1n b\u00e1rmikor megismerhesse, hogy a szolg\u00e1ltat\u00f3 mely adatkezel\u00e9si c\u00e9lokb\u00f3l mely adatfajt\u00e1kat kezel, ide\u00e9rtve az ig\u00e9nybe vev\u0151vel k\u00f6zvetlen\u00fcl kapcsolatba nem hozhat\u00f3 adatok kezel\u00e9s\u00e9t is.<\/p>\n\n\n\n<p>Cookie-k (s\u00fctik) kezel\u00e9se<\/p>\n\n\n\n<p>A web\u00e1ruh\u00e1zakra jellemz\u0151 cookie-k az \u00fagynevezett \u201ejelsz\u00f3val v\u00e9dett munkamenethez haszn\u00e1lt cookie\u201d, \u201ebev\u00e1s\u00e1rl\u00f3kos\u00e1rhoz sz\u00fcks\u00e9ges cookie-k\u201d \u00e9s \u201ebiztons\u00e1gi cookie-k\u201d, melyek haszn\u00e1lat\u00e1hoz nem sz\u00fcks\u00e9ges el\u0151zetes hozz\u00e1j\u00e1rul\u00e1st k\u00e9rni az \u00e9rintettekt\u0151l.<\/p>\n\n\n\n<p>1.&nbsp;&nbsp;&nbsp;&nbsp;&nbsp;&nbsp;&nbsp;&nbsp;&nbsp;&nbsp;&nbsp;&nbsp;&nbsp;&nbsp;&nbsp;&nbsp;&nbsp;&nbsp;&nbsp;&nbsp;&nbsp;&nbsp;&nbsp;&nbsp;&nbsp;&nbsp;&nbsp;&nbsp;Az adatkezel\u00e9s t\u00e9nye, a kezelt adatok k\u00f6re: egyedi azonos\u00edt\u00f3sz\u00e1m, d\u00e1tumok, id\u0151pontok<\/p>\n\n\n\n<p>2.&nbsp;&nbsp;&nbsp;&nbsp;&nbsp;&nbsp;&nbsp;&nbsp;&nbsp;&nbsp;&nbsp;&nbsp;&nbsp;&nbsp;&nbsp;&nbsp;&nbsp;&nbsp;&nbsp;&nbsp;&nbsp;&nbsp;&nbsp;&nbsp;&nbsp;&nbsp;&nbsp;&nbsp;Az \u00e9rintettek k\u00f6re: A weboldalt l\u00e1togat\u00f3 valamennyi \u00e9rintett.<\/p>\n\n\n\n<p>3.&nbsp;&nbsp;&nbsp;&nbsp;&nbsp;&nbsp;&nbsp;&nbsp;&nbsp;&nbsp;&nbsp;&nbsp;&nbsp;&nbsp;&nbsp;&nbsp;&nbsp;&nbsp;&nbsp;&nbsp;&nbsp;&nbsp;&nbsp;&nbsp;&nbsp;&nbsp;&nbsp;&nbsp;Az adatkezel\u00e9s c\u00e9lja: a felhaszn\u00e1l\u00f3k azonos\u00edt\u00e1sa, a \u201ebev\u00e1s\u00e1rl\u00f3kos\u00e1r\u201d nyilv\u00e1ntart\u00e1s\u00e1ra \u00e9s a l\u00e1togat\u00f3k nyomon k\u00f6vet\u00e9se.<\/p>\n\n\n\n<p>4.&nbsp;&nbsp;&nbsp;&nbsp;&nbsp;&nbsp;&nbsp;&nbsp;&nbsp;&nbsp;&nbsp;&nbsp;&nbsp;&nbsp;&nbsp;&nbsp;&nbsp;&nbsp;&nbsp;&nbsp;&nbsp;&nbsp;&nbsp;&nbsp;&nbsp;&nbsp;&nbsp;&nbsp;Az adatkezel\u00e9s id\u0151tartama, az adatok t\u00f6rl\u00e9s\u00e9nek hat\u00e1rideje: Az adatkezel\u00e9s id\u0151tartama a session cookie-k eset\u00e9n a honlapok l\u00e1togat\u00e1s\u00e1nak befejez\u00e9s\u00e9ig tart.<\/p>\n\n\n\n<p>5.&nbsp;&nbsp;&nbsp;&nbsp;&nbsp;&nbsp;&nbsp;&nbsp;&nbsp;&nbsp;&nbsp;&nbsp;&nbsp;&nbsp;&nbsp;&nbsp;&nbsp;&nbsp;&nbsp;&nbsp;&nbsp;&nbsp;&nbsp;&nbsp;&nbsp;&nbsp;&nbsp;&nbsp;Az adatok megismer\u00e9s\u00e9re jogosult lehets\u00e9ges adatkezel\u0151k szem\u00e9lye: A szem\u00e9lyes adatokat az adatkezel\u0151 munkat\u00e1rsai kezelhetik, a fenti alapelvek tiszteletben tart\u00e1s\u00e1val.<\/p>\n\n\n\n<p>6.&nbsp;&nbsp;&nbsp;&nbsp;&nbsp;&nbsp;&nbsp;&nbsp;&nbsp;&nbsp;&nbsp;&nbsp;&nbsp;&nbsp;&nbsp;&nbsp;&nbsp;&nbsp;&nbsp;&nbsp;&nbsp;&nbsp;&nbsp;&nbsp;&nbsp;&nbsp;&nbsp;&nbsp;Az \u00e9rintettek adatkezel\u00e9ssel kapcsolatos jogainak ismertet\u00e9se: Az \u00e9rintettnek lehet\u0151s\u00e9g\u00fck van a cookie-kat t\u00f6r\u00f6lni a b\u00f6ng\u00e9sz\u0151k Eszk\u00f6z\u00f6k\/Be\u00e1ll\u00edt\u00e1sok men\u00fcj\u00e9ben \u00e1ltal\u00e1ban az Adatv\u00e9delem men\u00fcpont be\u00e1ll\u00edt\u00e1sai alatt.<\/p>\n\n\n\n<p>7.&nbsp;&nbsp;&nbsp;&nbsp;&nbsp;&nbsp;&nbsp;&nbsp;&nbsp;&nbsp;&nbsp;&nbsp;&nbsp;&nbsp;&nbsp;&nbsp;&nbsp;&nbsp;&nbsp;&nbsp;&nbsp;&nbsp;&nbsp;&nbsp;&nbsp;&nbsp;&nbsp;&nbsp;Az adatkezel\u00e9s jogalapja: Az \u00e9rintett\u0151l hozz\u00e1j\u00e1rul\u00e1s nem sz\u00fcks\u00e9ges, amennyiben a cookie-k haszn\u00e1lat\u00e1nak kiz\u00e1r\u00f3lagos c\u00e9lja az elektronikus h\u00edrk\u00f6zl\u0151 h\u00e1l\u00f3zaton kereszt\u00fcl t\u00f6rt\u00e9n\u0151 k\u00f6zl\u00e9stov\u00e1bb\u00edt\u00e1s vagy arra az el\u0151fizet\u0151 vagy felhaszn\u00e1l\u00f3 \u00e1ltal kifejezetten k\u00e9rt, az inform\u00e1ci\u00f3s t\u00e1rsadalommal \u00f6sszef\u00fcgg\u0151 szolg\u00e1ltat\u00e1s ny\u00fajt\u00e1s\u00e1hoz a szolg\u00e1ltat\u00f3nak felt\u00e9tlen\u00fcl sz\u00fcks\u00e9ge van.<\/p>\n\n\n\n<p>A t\u00e1rhely-szolg\u00e1ltat\u00f3 adatai:<\/p>\n\n\n\n<p>T\u00e1rhelyszolg\u00e1ltat\u00f3 adatai<\/p>\n\n\n\n<ul class=\"wp-block-list\">\n<li><strong>C\u00e9gn\u00e9v:<\/strong>\u00a0Magyar Hosting Kft.<\/li>\n\n\n\n<li><strong>Sz\u00e9khely:<\/strong>\u00a01132 Budapest, Victor Hugo utca 18-22.<\/li>\n\n\n\n<li><strong>Ad\u00f3sz\u00e1m:<\/strong>\u00a023495919-2-41<\/li>\n<\/ul>\n\n\n\n<p>Adatbiztons\u00e1g<\/p>\n\n\n\n<p>Az adatkezel\u0151 k\u00f6teles az adatkezel\u00e9si m\u0171veleteket \u00fagy megtervezni \u00e9s v\u00e9grehajtani, hogy biztos\u00edtsa az \u00e9rintettek mag\u00e1nszf\u00e9r\u00e1j\u00e1nak v\u00e9delm\u00e9t.<\/p>\n\n\n\n<p>Az adatkezel\u0151, illetve tev\u00e9kenys\u00e9gi k\u00f6r\u00e9ben az adatfeldolgoz\u00f3 k\u00f6teles gondoskodni az adatok biztons\u00e1g\u00e1r\u00f3l, k\u00f6teles tov\u00e1bb\u00e1 megtenni azokat a technikai \u00e9s szervez\u00e9si int\u00e9zked\u00e9seket \u00e9s kialak\u00edtani azokat az elj\u00e1r\u00e1si szab\u00e1lyokat, amelyek az Info tv., valamint az egy\u00e9b adat- \u00e9s titokv\u00e9delmi szab\u00e1lyok \u00e9rv\u00e9nyre juttat\u00e1s\u00e1hoz sz\u00fcks\u00e9gesek.<\/p>\n\n\n\n<p>Az adatokat megfelel\u0151 int\u00e9zked\u00e9sekkel v\u00e9deni kell k\u00fcl\u00f6n\u00f6sen a jogosulatlan hozz\u00e1f\u00e9r\u00e9s, megv\u00e1ltoztat\u00e1s, tov\u00e1bb\u00edt\u00e1s, nyilv\u00e1noss\u00e1gra hozatal, t\u00f6rl\u00e9s vagy megsemmis\u00edt\u00e9s, valamint a v\u00e9letlen megsemmis\u00fcl\u00e9s \u00e9s s\u00e9r\u00fcl\u00e9s, tov\u00e1bb\u00e1 az alkalmazott technika megv\u00e1ltoz\u00e1s\u00e1b\u00f3l fakad\u00f3 hozz\u00e1f\u00e9rhetetlenn\u00e9 v\u00e1l\u00e1s ellen.<\/p>\n\n\n\n<p>A k\u00fcl\u00f6nb\u00f6z\u0151 nyilv\u00e1ntart\u00e1sokban elektronikusan kezelt adat\u00e1llom\u00e1nyok v\u00e9delme \u00e9rdek\u00e9ben megfelel\u0151 technikai megold\u00e1ssal biztos\u00edtani kell, hogy a nyilv\u00e1ntart\u00e1sokban t\u00e1rolt adatok &#8211; kiv\u00e9ve ha azt t\u00f6rv\u00e9ny lehet\u0151v\u00e9 teszi &#8211; k\u00f6zvetlen\u00fcl ne legyenek \u00f6sszekapcsolhat\u00f3k \u00e9s az \u00e9rintetthez rendelhet\u0151k.<\/p>\n\n\n\n<p>A szem\u00e9lyes adatok automatiz\u00e1lt feldolgoz\u00e1sa sor\u00e1n az adatkezel\u0151 \u00e9s az adatfeldolgoz\u00f3 tov\u00e1bbi int\u00e9zked\u00e9sekkel biztos\u00edtja<\/p>\n\n\n\n<p>1.&nbsp;&nbsp;&nbsp;&nbsp;&nbsp;&nbsp;&nbsp;&nbsp;&nbsp;&nbsp;&nbsp;&nbsp;&nbsp;&nbsp;&nbsp;&nbsp;&nbsp;&nbsp;&nbsp;&nbsp;&nbsp;&nbsp;&nbsp;&nbsp;&nbsp;&nbsp;&nbsp;&nbsp;a jogosulatlan adatbevitel megakad\u00e1lyoz\u00e1s\u00e1t;<\/p>\n\n\n\n<p>2.&nbsp;&nbsp;&nbsp;&nbsp;&nbsp;&nbsp;&nbsp;&nbsp;&nbsp;&nbsp;&nbsp;&nbsp;&nbsp;&nbsp;&nbsp;&nbsp;&nbsp;&nbsp;&nbsp;&nbsp;&nbsp;&nbsp;&nbsp;&nbsp;&nbsp;&nbsp;&nbsp;&nbsp;az automatikus adatfeldolgoz\u00f3 rendszerek jogosulatlan szem\u00e9lyek \u00e1ltali, adat\u00e1tviteli berendez\u00e9s seg\u00edts\u00e9g\u00e9vel t\u00f6rt\u00e9n\u0151 haszn\u00e1lat\u00e1nak megakad\u00e1lyoz\u00e1s\u00e1t;<\/p>\n\n\n\n<p>3.&nbsp;&nbsp;&nbsp;&nbsp;&nbsp;&nbsp;&nbsp;&nbsp;&nbsp;&nbsp;&nbsp;&nbsp;&nbsp;&nbsp;&nbsp;&nbsp;&nbsp;&nbsp;&nbsp;&nbsp;&nbsp;&nbsp;&nbsp;&nbsp;&nbsp;&nbsp;&nbsp;&nbsp;annak ellen\u0151rizhet\u0151s\u00e9g\u00e9t \u00e9s meg\u00e1llap\u00edthat\u00f3s\u00e1g\u00e1t, hogy a szem\u00e9lyes adatokat adat\u00e1tviteli berendez\u00e9s alkalmaz\u00e1s\u00e1val mely szerveknek tov\u00e1bb\u00edtott\u00e1k vagy tov\u00e1bb\u00edthatj\u00e1k;<\/p>\n\n\n\n<p>4.&nbsp;&nbsp;&nbsp;&nbsp;&nbsp;&nbsp;&nbsp;&nbsp;&nbsp;&nbsp;&nbsp;&nbsp;&nbsp;&nbsp;&nbsp;&nbsp;&nbsp;&nbsp;&nbsp;&nbsp;&nbsp;&nbsp;&nbsp;&nbsp;&nbsp;&nbsp;&nbsp;&nbsp;annak ellen\u0151rizhet\u0151s\u00e9g\u00e9t \u00e9s meg\u00e1llap\u00edthat\u00f3s\u00e1g\u00e1t, hogy mely szem\u00e9lyes adatokat, mikor \u00e9s ki vitte be az automatikus adatfeldolgoz\u00f3 rendszerekbe;<\/p>\n\n\n\n<p>5.&nbsp;&nbsp;&nbsp;&nbsp;&nbsp;&nbsp;&nbsp;&nbsp;&nbsp;&nbsp;&nbsp;&nbsp;&nbsp;&nbsp;&nbsp;&nbsp;&nbsp;&nbsp;&nbsp;&nbsp;&nbsp;&nbsp;&nbsp;&nbsp;&nbsp;&nbsp;&nbsp;&nbsp;a telep\u00edtett rendszerek \u00fczemzavar eset\u00e9n t\u00f6rt\u00e9n\u0151 helyre\u00e1ll\u00edthat\u00f3s\u00e1g\u00e1t \u00e9s<\/p>\n\n\n\n<p>6.&nbsp;&nbsp;&nbsp;&nbsp;&nbsp;&nbsp;&nbsp;&nbsp;&nbsp;&nbsp;&nbsp;&nbsp;&nbsp;&nbsp;&nbsp;&nbsp;&nbsp;&nbsp;&nbsp;&nbsp;&nbsp;&nbsp;&nbsp;&nbsp;&nbsp;&nbsp;&nbsp;&nbsp;azt, hogy az automatiz\u00e1lt feldolgoz\u00e1s sor\u00e1n fell\u00e9p\u0151 hib\u00e1kr\u00f3l jelent\u00e9s k\u00e9sz\u00fclj\u00f6n. Az adatkezel\u0151nek \u00e9s az adatfeldolgoz\u00f3nak az adatok biztons\u00e1g\u00e1t szolg\u00e1l\u00f3 int\u00e9zked\u00e9sek meghat\u00e1roz\u00e1sakor \u00e9s alkalmaz\u00e1sakor&nbsp;tekintettel kell lenni a technika mindenkori fejletts\u00e9g\u00e9re. T\u00f6bb lehets\u00e9ges adatkezel\u00e9si megold\u00e1s k\u00f6z\u00fcl azt kell v\u00e1lasztani, amely a szem\u00e9lyes adatok magasabb szint\u0171 v\u00e9delm\u00e9t biztos\u00edtja, kiv\u00e9ve, ha az ar\u00e1nytalan neh\u00e9zs\u00e9get jelentene az adatkezel\u0151nek.<\/p>\n\n\n\n<p>Az \u00e9rintettek jogai<\/p>\n\n\n\n<p>1.&nbsp;&nbsp;&nbsp;&nbsp;&nbsp;&nbsp;&nbsp;&nbsp;&nbsp;&nbsp;&nbsp;&nbsp;&nbsp;&nbsp;&nbsp;&nbsp;&nbsp;&nbsp;&nbsp;&nbsp;&nbsp;&nbsp;&nbsp;&nbsp;&nbsp;&nbsp;&nbsp;&nbsp;Az \u00e9rintett k\u00e9relmezheti a Szolg\u00e1ltat\u00f3n\u00e1l, hogy az adjon t\u00e1j\u00e9koztat\u00e1s\u00e1t szem\u00e9lyes adatai kezel\u00e9s\u00e9r\u0151l, k\u00e9rheti szem\u00e9lyes adatainak helyesb\u00edt\u00e9s\u00e9t, valamint k\u00e9rheti szem\u00e9lyes adatainak &#8211; a k\u00f6telez\u0151 adatkezel\u00e9s kiv\u00e9tel\u00e9vel &#8211; t\u00f6rl\u00e9s\u00e9t vagy z\u00e1rol\u00e1s\u00e1t.<\/p>\n\n\n\n<p>2.&nbsp;&nbsp;&nbsp;&nbsp;&nbsp;&nbsp;&nbsp;&nbsp;&nbsp;&nbsp;&nbsp;&nbsp;&nbsp;&nbsp;&nbsp;&nbsp;&nbsp;&nbsp;&nbsp;&nbsp;&nbsp;&nbsp;&nbsp;&nbsp;&nbsp;&nbsp;&nbsp;&nbsp;Az \u00e9rintett k\u00e9relm\u00e9re az adatkezel\u0151 t\u00e1j\u00e9koztat\u00e1st ad az \u00e9rintett \u00e1ltala kezelt, illetve az \u00e1ltala megb\u00edzott adatfeldolgoz\u00f3 \u00e1ltal feldolgozott adatair\u00f3l, azok forr\u00e1s\u00e1r\u00f3l, az adatkezel\u00e9s c\u00e9lj\u00e1r\u00f3l, jogalapj\u00e1r\u00f3l, id\u0151tartam\u00e1r\u00f3l, az adatfeldolgoz\u00f3 nev\u00e9r\u0151l, c\u00edm\u00e9r\u0151l \u00e9s az adatkezel\u00e9ssel \u00f6sszef\u00fcgg\u0151 tev\u00e9kenys\u00e9g\u00e9r\u0151l, tov\u00e1bb\u00e1 &#8211; az \u00e9rintett szem\u00e9lyes adatainak tov\u00e1bb\u00edt\u00e1sa eset\u00e9n &#8211; az adattov\u00e1bb\u00edt\u00e1s jogalapj\u00e1r\u00f3l \u00e9s c\u00edmzettj\u00e9r\u0151l.<\/p>\n\n\n\n<p>3.&nbsp;&nbsp;&nbsp;&nbsp;&nbsp;&nbsp;&nbsp;&nbsp;&nbsp;&nbsp;&nbsp;&nbsp;&nbsp;&nbsp;&nbsp;&nbsp;&nbsp;&nbsp;&nbsp;&nbsp;&nbsp;&nbsp;&nbsp;&nbsp;&nbsp;&nbsp;&nbsp;&nbsp;Az adatkezel\u0151 az adattov\u00e1bb\u00edt\u00e1s jogszer\u0171s\u00e9g\u00e9nek ellen\u0151rz\u00e9se, valamint az \u00e9rintett t\u00e1j\u00e9koztat\u00e1sa c\u00e9lj\u00e1b\u00f3l adattov\u00e1bb\u00edt\u00e1si nyilv\u00e1ntart\u00e1st vezet, amely tartalmazza az \u00e1ltala kezelt szem\u00e9lyes adatok tov\u00e1bb\u00edt\u00e1s\u00e1nak id\u0151pontj\u00e1t, az adattov\u00e1bb\u00edt\u00e1s jogalapj\u00e1t \u00e9s c\u00edmzettj\u00e9t, a tov\u00e1bb\u00edtott szem\u00e9lyes adatok k\u00f6r\u00e9nek meghat\u00e1roz\u00e1s\u00e1t, valamint az adatkezel\u00e9st el\u0151\u00edr\u00f3 jogszab\u00e1lyban meghat\u00e1rozott egy\u00e9b adatokat.<\/p>\n\n\n\n<p>4.&nbsp;&nbsp;&nbsp;&nbsp;&nbsp;&nbsp;&nbsp;&nbsp;&nbsp;&nbsp;&nbsp;&nbsp;&nbsp;&nbsp;&nbsp;&nbsp;&nbsp;&nbsp;&nbsp;&nbsp;&nbsp;&nbsp;&nbsp;&nbsp;&nbsp;&nbsp;&nbsp;&nbsp;Az adatkezel\u0151 k\u00f6teles a k\u00e9relem beny\u00fajt\u00e1s\u00e1t\u00f3l sz\u00e1m\u00edtott legr\u00f6videbb id\u0151 alatt, legfeljebb azonban 30 napon bel\u00fcl, k\u00f6z\u00e9rthet\u0151 form\u00e1ban, az \u00e9rintett erre ir\u00e1nyul\u00f3 k\u00e9relm\u00e9re \u00edr\u00e1sban megadni a t\u00e1j\u00e9koztat\u00e1st. A t\u00e1j\u00e9koztat\u00e1s ingyenes.<\/p>\n\n\n\n<p>5.&nbsp;&nbsp;&nbsp;&nbsp;&nbsp;&nbsp;&nbsp;&nbsp;&nbsp;&nbsp;&nbsp;&nbsp;&nbsp;&nbsp;&nbsp;&nbsp;&nbsp;&nbsp;&nbsp;&nbsp;&nbsp;&nbsp;&nbsp;&nbsp;&nbsp;&nbsp;&nbsp;&nbsp;Felhaszn\u00e1l\u00f3 k\u00e9relm\u00e9re Szolg\u00e1ltat\u00f3 t\u00e1j\u00e9koztat\u00e1st ad az \u00e1ltala kezelt adatokr\u00f3l, azok forr\u00e1s\u00e1r\u00f3l, az adatkezel\u00e9s c\u00e9lj\u00e1r\u00f3l, jogalapj\u00e1r\u00f3l, id\u0151tartam\u00e1r\u00f3l, az esetleges adatfeldolgoz\u00f3 nev\u00e9r\u0151l, c\u00edm\u00e9r\u0151l \u00e9s az adatkezel\u00e9ssel \u00f6sszef\u00fcgg\u0151 tev\u00e9kenys\u00e9g\u00e9r\u0151l, tov\u00e1bb\u00e1 &#8211; az \u00e9rintett szem\u00e9lyes adatainak tov\u00e1bb\u00edt\u00e1sa eset\u00e9n &#8211; az adattov\u00e1bb\u00edt\u00e1s jogalapj\u00e1r\u00f3l \u00e9s c\u00edmzettj\u00e9r\u0151l. Szolg\u00e1ltat\u00f3 a k\u00e9relem beny\u00fajt\u00e1s\u00e1t\u00f3l sz\u00e1m\u00edtott legr\u00f6videbb id\u0151 alatt, legfeljebb azonban 30 napon bel\u00fcl \u00edr\u00e1sban, k\u00f6z\u00e9rthet\u0151 form\u00e1ban adja meg a t\u00e1j\u00e9koztat\u00e1st. A t\u00e1j\u00e9koztat\u00e1s ingyenes.<\/p>\n\n\n\n<p>6.&nbsp;&nbsp;&nbsp;&nbsp;&nbsp;&nbsp;&nbsp;&nbsp;&nbsp;&nbsp;&nbsp;&nbsp;&nbsp;&nbsp;&nbsp;&nbsp;&nbsp;&nbsp;&nbsp;&nbsp;&nbsp;&nbsp;&nbsp;&nbsp;&nbsp;&nbsp;&nbsp;&nbsp;Szolg\u00e1ltat\u00f3, amennyiben a szem\u00e9lyes adat a val\u00f3s\u00e1gnak nem felel meg, \u00e9s a val\u00f3s\u00e1gnak megfelel\u0151 szem\u00e9lyes adat az adatkezel\u0151 rendelkez\u00e9s\u00e9re \u00e1ll, a szem\u00e9lyes adatot helyesb\u00edti.<\/p>\n\n\n\n<p>7.&nbsp;&nbsp;&nbsp;&nbsp;&nbsp;&nbsp;&nbsp;&nbsp;&nbsp;&nbsp;&nbsp;&nbsp;&nbsp;&nbsp;&nbsp;&nbsp;&nbsp;&nbsp;&nbsp;&nbsp;&nbsp;&nbsp;&nbsp;&nbsp;&nbsp;&nbsp;&nbsp;&nbsp;T\u00f6rl\u00e9s helyett Szolg\u00e1ltat\u00f3 z\u00e1rolja a szem\u00e9lyes adatot, ha a Felhaszn\u00e1l\u00f3 ezt k\u00e9ri, vagy ha a rendelkez\u00e9s\u00e9re \u00e1ll\u00f3 inform\u00e1ci\u00f3k alapj\u00e1n felt\u00e9telezhet\u0151, hogy a t\u00f6rl\u00e9s s\u00e9rten\u00e9 a Felhaszn\u00e1l\u00f3 jogos \u00e9rdekeit. A z\u00e1rolt szem\u00e9lyes adat kiz\u00e1r\u00f3lag addig kezelhet\u0151, ameddig fenn\u00e1ll az az adatkezel\u00e9si c\u00e9l, amely a szem\u00e9lyes adat t\u00f6rl\u00e9s\u00e9t kiz\u00e1rta.<\/p>\n\n\n\n<p>8.&nbsp;&nbsp;&nbsp;&nbsp;&nbsp;&nbsp;&nbsp;&nbsp;&nbsp;&nbsp;&nbsp;&nbsp;&nbsp;&nbsp;&nbsp;&nbsp;&nbsp;&nbsp;&nbsp;&nbsp;&nbsp;&nbsp;&nbsp;&nbsp;&nbsp;&nbsp;&nbsp;&nbsp;Szolg\u00e1ltat\u00f3 t\u00f6rli a szem\u00e9lyes adatot, ha kezel\u00e9se jogellenes, a Felhaszn\u00e1l\u00f3 k\u00e9ri, a kezelt adat hi\u00e1nyos vagy t\u00e9ves &#8211; \u00e9s ez az \u00e1llapot jogszer\u0171en nem orvosolhat\u00f3 &#8211; felt\u00e9ve, hogy a t\u00f6rl\u00e9st t\u00f6rv\u00e9ny nem z\u00e1rja ki, az adatkezel\u00e9s c\u00e9lja megsz\u0171nt, vagy az adatok t\u00e1rol\u00e1s\u00e1nak t\u00f6rv\u00e9nyben meghat\u00e1rozott hat\u00e1rideje lej\u00e1rt, azt a b\u00edr\u00f3s\u00e1g vagy a Nemzeti Adatv\u00e9delmi \u00e9s Inform\u00e1ci\u00f3szabads\u00e1g Hat\u00f3s\u00e1g elrendelte.<\/p>\n\n\n\n<p>9.&nbsp;&nbsp;&nbsp;&nbsp;&nbsp;&nbsp;&nbsp;&nbsp;&nbsp;&nbsp;&nbsp;&nbsp;&nbsp;&nbsp;&nbsp;&nbsp;&nbsp;&nbsp;&nbsp;&nbsp;&nbsp;&nbsp;&nbsp;&nbsp;&nbsp;&nbsp;&nbsp;&nbsp;Az adatkezel\u0151 megjel\u00f6li az \u00e1ltala kezelt szem\u00e9lyes adatot, ha az \u00e9rintett vitatja annak helyess\u00e9g\u00e9t vagy pontoss\u00e1g\u00e1t, de a vitatott szem\u00e9lyes adat helytelens\u00e9ge vagy pontatlans\u00e1ga nem \u00e1llap\u00edthat\u00f3 meg egy\u00e9rtelm\u0171en.<\/p>\n\n\n\n<p>10. A&nbsp;helyesb\u00edt\u00e9sr\u0151l, a z\u00e1rol\u00e1sr\u00f3l, a megjel\u00f6l\u00e9sr\u0151l \u00e9s a t\u00f6rl\u00e9sr\u0151l az \u00e9rintettet, tov\u00e1bb\u00e1 mindazokat \u00e9rtes\u00edteni kell, akiknek kor\u00e1bban az adatot adatkezel\u00e9s c\u00e9lj\u00e1ra tov\u00e1bb\u00edtott\u00e1k. Az \u00e9rtes\u00edt\u00e9s mell\u0151zhet\u0151, ha ez az adatkezel\u00e9s c\u00e9lj\u00e1ra val\u00f3 tekintettel az \u00e9rintett jogos \u00e9rdek\u00e9t nem s\u00e9rti.<\/p>\n\n\n\n<p>11. Ha&nbsp;az adatkezel\u0151 az \u00e9rintett helyesb\u00edt\u00e9s, z\u00e1rol\u00e1s vagy t\u00f6rl\u00e9s ir\u00e1nti k\u00e9relm\u00e9t nem teljes\u00edti, a k\u00e9relem k\u00e9zhezv\u00e9tel\u00e9t k\u00f6vet\u0151 30 napon bel\u00fcl \u00edr\u00e1sban k\u00f6zli a helyesb\u00edt\u00e9s, z\u00e1rol\u00e1s vagy t\u00f6rl\u00e9s ir\u00e1nti k\u00e9relem elutas\u00edt\u00e1s\u00e1nak t\u00e9nybeli \u00e9s jogi indokait. A helyesb\u00edt\u00e9s, t\u00f6rl\u00e9s vagy z\u00e1rol\u00e1s ir\u00e1nti k\u00e9relem elutas\u00edt\u00e1sa eset\u00e9n az adatkezel\u0151 t\u00e1j\u00e9koztatja az \u00e9rintettet a b\u00edr\u00f3s\u00e1gi jogorvoslat, tov\u00e1bb\u00e1 a Hat\u00f3s\u00e1ghoz fordul\u00e1s lehet\u0151s\u00e9g\u00e9r\u0151l.<\/p>\n\n\n\n<p>Jogorvoslat<\/p>\n\n\n\n<p>Felhaszn\u00e1l\u00f3 tiltakozhat szem\u00e9lyes adat\u00e1nak kezel\u00e9se ellen, ha<\/p>\n\n\n\n<p>a.) a szem\u00e9lyes adatok kezel\u00e9se vagy tov\u00e1bb\u00edt\u00e1sa kiz\u00e1r\u00f3lag az Szolg\u00e1ltat\u00f3ra vonatkoz\u00f3 jogi k\u00f6telezetts\u00e9g teljes\u00edt\u00e9s\u00e9hez, vagy az Szolg\u00e1ltat\u00f3, adat\u00e1tvev\u0151 vagy harmadik szem\u00e9ly jogos \u00e9rdek\u00e9nek \u00e9rv\u00e9nyes\u00edt\u00e9s\u00e9hez sz\u00fcks\u00e9ges, kiv\u00e9ve, ha az adatkezel\u00e9st t\u00f6rv\u00e9ny rendelte el;<\/p>\n\n\n\n<p>b. a szem\u00e9lyes adat felhaszn\u00e1l\u00e1sa vagy tov\u00e1bb\u00edt\u00e1sa k\u00f6zvetlen \u00fczletszerz\u00e9s, k\u00f6zv\u00e9lem\u00e9ny-kutat\u00e1s vagy tudom\u00e1nyos kutat\u00e1s c\u00e9lj\u00e1ra t\u00f6rt\u00e9nik;<\/p>\n\n\n\n<p>c. t\u00f6rv\u00e9nyben meghat\u00e1rozott egy\u00e9b esetben.<\/p>\n\n\n\n<p>1.&nbsp;&nbsp;&nbsp;&nbsp;&nbsp;&nbsp;&nbsp;&nbsp;&nbsp;&nbsp;&nbsp;&nbsp;&nbsp;&nbsp;&nbsp;&nbsp;&nbsp;&nbsp;&nbsp;&nbsp;&nbsp;&nbsp;&nbsp;&nbsp;&nbsp;&nbsp;&nbsp;&nbsp;Szolg\u00e1ltat\u00f3 a tiltakoz\u00e1st a k\u00e9relem beny\u00fajt\u00e1s\u00e1t\u00f3l sz\u00e1m\u00edtott legr\u00f6videbb id\u0151n bel\u00fcl, de legfeljebb 15 nap alatt megvizsg\u00e1lja, annak megalapozotts\u00e1ga k\u00e9rd\u00e9s\u00e9ben d\u00f6nt\u00e9st hoz, \u00e9s d\u00f6nt\u00e9s\u00e9r\u0151l a k\u00e9relmez\u0151t \u00edr\u00e1sban t\u00e1j\u00e9koztatja. Ha az Szolg\u00e1ltat\u00f3 az \u00e9rintett tiltakoz\u00e1s\u00e1nak megalapozotts\u00e1g\u00e1t meg\u00e1llap\u00edtja, az adatkezel\u00e9st &#8211; bele\u00e9rtve a tov\u00e1bbi adatfelv\u00e9telt \u00e9s adattov\u00e1bb\u00edt\u00e1st is &#8211; megsz\u00fcnteti, \u00e9s az adatokat z\u00e1rolja, valamint a tiltakoz\u00e1sr\u00f3l, tov\u00e1bb\u00e1 az annak alapj\u00e1n tett int\u00e9zked\u00e9sekr\u0151l \u00e9rtes\u00edti mindazokat, akik r\u00e9sz\u00e9re a tiltakoz\u00e1ssal \u00e9rintett szem\u00e9lyes adatot kor\u00e1bban tov\u00e1bb\u00edtotta, \u00e9s akik k\u00f6telesek int\u00e9zkedni a tiltakoz\u00e1si jog \u00e9rv\u00e9nyes\u00edt\u00e9se \u00e9rdek\u00e9ben.<\/p>\n\n\n\n<p>2.&nbsp;&nbsp;&nbsp;&nbsp;&nbsp;&nbsp;&nbsp;&nbsp;&nbsp;&nbsp;&nbsp;&nbsp;&nbsp;&nbsp;&nbsp;&nbsp;&nbsp;&nbsp;&nbsp;&nbsp;&nbsp;&nbsp;&nbsp;&nbsp;&nbsp;&nbsp;&nbsp;&nbsp;Amennyiben a Felhaszn\u00e1l\u00f3 Szolg\u00e1ltat\u00f3nak a meghozott d\u00f6nt\u00e9s\u00e9vel nem \u00e9rt egyet, az ellen &#8211; annak k\u00f6zl\u00e9s\u00e9t\u0151l sz\u00e1m\u00edtott 30 napon bel\u00fcl &#8211; b\u00edr\u00f3s\u00e1ghoz fordulhat. A b\u00edr\u00f3s\u00e1g soron k\u00edv\u00fcl j\u00e1r el.<\/p>\n\n\n\n<p>3.&nbsp;&nbsp;&nbsp;&nbsp;&nbsp;&nbsp;&nbsp;&nbsp;&nbsp;&nbsp;&nbsp;&nbsp;&nbsp;&nbsp;&nbsp;&nbsp;&nbsp;&nbsp;&nbsp;&nbsp;&nbsp;&nbsp;&nbsp;&nbsp;&nbsp;&nbsp;&nbsp;&nbsp;Az adatkezel\u0151 esetleges jogs\u00e9rt\u00e9se ellen panasszal a Nemzeti Adatv\u00e9delmi \u00e9s Inform\u00e1ci\u00f3szabads\u00e1g Hat\u00f3s\u00e1gn\u00e1l lehet \u00e9lni:<\/p>\n\n\n\n<p>Nemzeti Adatv\u00e9delmi \u00e9s Inform\u00e1ci\u00f3szabads\u00e1g Hat\u00f3s\u00e1g<\/p>\n\n\n\n<p>1125 Budapest, Szil\u00e1gyi Erzs\u00e9bet fasor 22\/C.<\/p>\n\n\n\n<p>Levelez\u00e9si c\u00edm: 1530 Budapest, Postafi\u00f3k: 5.<\/p>\n\n\n\n<p>Telefon: +36 -1-391-1400<\/p>\n\n\n\n<p>Fax: +36-1-391-1410<\/p>\n\n\n\n<p>E-mail:<a href=\"mailto:ugyfelszolgalat@naih.hu\">ugyfelszolgalat@naih.hu<\/a><\/p>\n\n\n\n<p>B\u00edr\u00f3s\u00e1gi jog\u00e9rv\u00e9nyes\u00edt\u00e9s:<\/p>\n\n\n\n<p>Azt, hogy az adatkezel\u00e9s a jogszab\u00e1lyban foglaltaknak megfelel, az adatkezel\u0151 k\u00f6teles bizony\u00edtani. Az adattov\u00e1bb\u00edt\u00e1s jogszer\u0171s\u00e9g\u00e9t az adat\u00e1tvev\u0151 k\u00f6teles bizony\u00edtani.<\/p>\n\n\n\n<p>A per elb\u00edr\u00e1l\u00e1sa a t\u00f6rv\u00e9nysz\u00e9k hat\u00e1sk\u00f6r\u00e9be tartozik. A per &#8211; az \u00e9rintett v\u00e1laszt\u00e1sa szerint &#8211; az \u00e9rintett lak\u00f3helye vagy tart\u00f3zkod\u00e1si helye szerinti t\u00f6rv\u00e9nysz\u00e9k el\u0151tt is megind\u00edthat\u00f3. A perben f\u00e9l lehet az is, akinek egy\u00e9bk\u00e9nt nincs perbeli jogk\u00e9pess\u00e9ge. A perbe a Hat\u00f3s\u00e1g az \u00e9rintett pernyertess\u00e9ge \u00e9rdek\u00e9ben beavatkozhat. Ha a b\u00edr\u00f3s\u00e1g a k\u00e9relemnek helyt ad, az adatkezel\u0151t a t\u00e1j\u00e9koztat\u00e1s megad\u00e1s\u00e1ra, az adat helyesb\u00edt\u00e9s\u00e9re, z\u00e1rol\u00e1s\u00e1ra, t\u00f6rl\u00e9s\u00e9re, az automatiz\u00e1lt adatfeldolgoz\u00e1ssal hozott d\u00f6nt\u00e9s megsemmis\u00edt\u00e9s\u00e9re, az \u00e9rintett tiltakoz\u00e1si jog\u00e1nak figyelembev\u00e9tel\u00e9re, illetve az adat\u00e1tvev\u0151 \u00e1ltal k\u00e9rt adat kiad\u00e1s\u00e1ra k\u00f6telezi.<\/p>\n\n\n\n<p>Ha a b\u00edr\u00f3s\u00e1g az adat\u00e1tvev\u0151 k\u00e9relm\u00e9t elutas\u00edtja, az adatkezel\u0151 k\u00f6teles az \u00e9rintett szem\u00e9lyes adat\u00e1t az \u00edt\u00e9let k\u00f6zl\u00e9s\u00e9t\u0151l sz\u00e1m\u00edtott 3 napon bel\u00fcl t\u00f6r\u00f6lni. Az adatkezel\u0151 k\u00f6teles az adatokat akkor is t\u00f6r\u00f6lni, ha az adat\u00e1tvev\u0151 a meghat\u00e1rozott hat\u00e1rid\u0151n bel\u00fcl nem fordul b\u00edr\u00f3s\u00e1ghoz.<\/p>\n\n\n\n<p>A b\u00edr\u00f3s\u00e1g elrendelheti \u00edt\u00e9let\u00e9nek &#8211; az adatkezel\u0151 azonos\u00edt\u00f3 adatainak k\u00f6zz\u00e9t\u00e9tel\u00e9vel t\u00f6rt\u00e9n\u0151 &#8211; nyilv\u00e1noss\u00e1gra hozatal\u00e1t, ha azt az adatv\u00e9delem \u00e9rdekei \u00e9s nagyobb sz\u00e1m\u00fa \u00e9rintett v\u00e9dett jogai megk\u00f6vetelik.&nbsp;<\/p>\n\n\n\n<p>K\u00e1rt\u00e9r\u00edt\u00e9s \u00e9s s\u00e9relemd\u00edj:Ha az adatkezel\u0151 az \u00e9rintett adatainak jogellenes kezel\u00e9s\u00e9vel vagy az adatbiztons\u00e1g k\u00f6vetelm\u00e9nyeinek megszeg\u00e9s\u00e9vel m\u00e1snak k\u00e1rt okoz, k\u00f6teles azt megt\u00e9r\u00edteni. Ha az adatkezel\u0151 az \u00e9rintett adatainak jogellenes kezel\u00e9s\u00e9vel vagy az adatbiztons\u00e1g k\u00f6vetelm\u00e9nyeinek megszeg\u00e9s\u00e9vel az \u00e9rintett szem\u00e9lyis\u00e9gi jog\u00e1t megs\u00e9rti, az \u00e9rintett az adatkezel\u0151t\u0151l s\u00e9relemd\u00edjat k\u00f6vetelhet.<\/p>\n\n\n\n<p>Az \u00e9rintettel szemben az adatkezel\u0151 felel az adatfeldolgoz\u00f3 \u00e1ltal okozott k\u00e1r\u00e9rt \u00e9s az adatkezel\u0151 k\u00f6teles megfizetni az \u00e9rintettnek az adatfeldolgoz\u00f3 \u00e1ltal okozott szem\u00e9lyis\u00e9gi jogs\u00e9rt\u00e9s eset\u00e9n j\u00e1r\u00f3 s\u00e9relemd\u00edjat is. Az adatkezel\u0151 mentes\u00fcl az okozott k\u00e1r\u00e9rt val\u00f3 felel\u0151ss\u00e9g \u00e9s a s\u00e9relemd\u00edj megfizet\u00e9s\u00e9nek k\u00f6telezetts\u00e9ge al\u00f3l, ha bizony\u00edtja, hogy a k\u00e1rt vagy az \u00e9rintett szem\u00e9lyis\u00e9gi jog\u00e1nak s\u00e9relm\u00e9t az adatkezel\u00e9s k\u00f6r\u00e9n k\u00edv\u00fcl es\u0151 elh\u00e1r\u00edthatatlan ok id\u00e9zte el\u0151.<\/p>\n\n\n\n<p>Nem kell megt\u00e9r\u00edteni a k\u00e1rt \u00e9s nem k\u00f6vetelhet\u0151 a s\u00e9relemd\u00edj annyiban, amennyiben a k\u00e1r a k\u00e1rosult vagy a szem\u00e9lyis\u00e9gi jog megs\u00e9rt\u00e9s\u00e9vel okozott jogs\u00e9relem az \u00e9rintett sz\u00e1nd\u00e9kos vagy s\u00falyosan gondatlan magatart\u00e1s\u00e1b\u00f3l sz\u00e1rmazott.<\/p>\n\n\n\n<p>Z\u00e1r\u00f3 rendelkez\u00e9sek:<\/p>\n\n\n\n<p>A t\u00e1j\u00e9koztat\u00f3 elk\u00e9sz\u00edt\u00e9se sor\u00e1n figyelemmel voltunk az al\u00e1bbi jogszab\u00e1lyokra:<\/p>\n\n\n\n<p>&#8211; 2011. \u00e9vi CXII. t\u00f6rv\u00e9ny &nbsp;&#8211; az inform\u00e1ci\u00f3s \u00f6nrendelkez\u00e9si jogr\u00f3l \u00e9s az inform\u00e1ci\u00f3szabads\u00e1gr\u00f3l (a tov\u00e1bbiakban (Infotv.)<\/p>\n\n\n\n<p>&#8211; 2008. \u00e9vi XLVII t\u00f6rv\u00e9ny &#8211; a fogyaszt\u00f3kkal szembeni tisztess\u00e9gtelen kereskedelmi gyakorlat tilalm\u00e1r\u00f3l,<\/p>\n\n\n\n<p>&#8211; 2008. \u00e9vi XLVIII t\u00f6rv\u00e9ny &#8211; a gazdas\u00e1gi rekl\u00e1mtev\u00e9kenys\u00e9g alapvet\u0151 felt\u00e9teleir\u0151l \u00e9s egyes korl\u00e1tair\u00f3l<\/p>\n\n\n\n<p>&#8211; 2005 \u00e9vi XC t\u00f6rv\u00e9ny az elektronikus inform\u00e1ci\u00f3szabads\u00e1gr\u00f3l<\/p>\n\n\n\n<p>&#8211; 2003 \u00e9vi C t\u00f6rv\u00e9ny az elektronikus h\u00edrk\u00f6zl\u00e9sr\u0151l<\/p>\n\n\n\n<p><\/p>",
        "protected": false
    },
    "excerpt": {
        "rendered": "<p>A jelen t\u00e1j\u00e9koztat\u00f3 a Z\u00e9-P\u00e9 Caf\u00e9 Kft. (a tov\u00e1bbiakban: a \u201eSzolg\u00e1ltat\u00f3\u201d) \u00e1ltal \u00fczemeltetett honlapon www.zepecafe.hu internetes \u00fczletben (a \u201eWeb\u00e1ruh\u00e1z\u201d) t\u00f6rt\u00e9n\u0151 v\u00e1s\u00e1rl\u00e1s kapcs\u00e1n a v\u00e1s\u00e1rl\u00f3val kapcsolatos adatkezel\u00e9si szab\u00e1lyokat tartalmazza, amely a 2011. \u00e9vi CXII. t\u00f6rv\u00e9ny az inform\u00e1ci\u00f3s \u00f6nrendelkez\u00e9si jogr\u00f3l \u00e9s az inform\u00e1ci\u00f3szabads\u00e1gr\u00f3l sz\u00f3l\u00f3 t\u00f6rv\u00e9ny alapj\u00e1n k\u00e9sz\u00fclt. Az adatgy\u0171jt\u00e9s c\u00e9lja: Szolg\u00e1ltat\u00f3 a weboldal teljes k\u00f6r\u0171 haszn\u00e1lata, szolg\u00e1ltat\u00e1s [&hellip;]<\/p>",
        "protected": false
    },
    "author": 1,
    "featured_media": 0,
    "parent": 0,
    "menu_order": 0,
    "comment_status": "closed",
    "ping_status": "open",
    "template": "",
    "meta": {
        "footnotes": ""
    },
    "class_list": [
        "post-3",
        "page",
        "type-page",
        "status-publish",
        "hentry"
    ],
    "yoast_head": "<!-- This site is optimized with the Yoast SEO plugin v27.4 - https:\/\/yoast.com\/product\/yoast-seo-wordpress\/ -->\n<title>Adatv\u00e9delmi T\u00e1j\u00e9koztat\u00f3 - Z\u00e9-P\u00e9 Caf\u00e9 Kft.<\/title>\n<meta name=\"robots\" content=\"index, follow, max-snippet:-1, max-image-preview:large, max-video-preview:-1\" \/>\n<link rel=\"canonical\" href=\"https:\/\/zepecafe-webaruhaz.hu\/en_us\/adatvedelmi-tajekoztato\/\" \/>\n<meta property=\"og:locale\" content=\"en_US\" \/>\n<meta property=\"og:type\" content=\"article\" \/>\n<meta property=\"og:title\" content=\"Adatv\u00e9delmi T\u00e1j\u00e9koztat\u00f3 - Z\u00e9-P\u00e9 Caf\u00e9 Kft.\" \/>\n<meta property=\"og:description\" content=\"A jelen t\u00e1j\u00e9koztat\u00f3 a Z\u00e9-P\u00e9 Caf\u00e9 Kft. (a tov\u00e1bbiakban: a \u201eSzolg\u00e1ltat\u00f3\u201d) \u00e1ltal \u00fczemeltetett honlapon www.zepecafe.hu internetes \u00fczletben (a \u201eWeb\u00e1ruh\u00e1z\u201d) t\u00f6rt\u00e9n\u0151 v\u00e1s\u00e1rl\u00e1s kapcs\u00e1n a v\u00e1s\u00e1rl\u00f3val kapcsolatos adatkezel\u00e9si szab\u00e1lyokat tartalmazza, amely a 2011. \u00e9vi CXII. t\u00f6rv\u00e9ny az inform\u00e1ci\u00f3s \u00f6nrendelkez\u00e9si jogr\u00f3l \u00e9s az inform\u00e1ci\u00f3szabads\u00e1gr\u00f3l sz\u00f3l\u00f3 t\u00f6rv\u00e9ny alapj\u00e1n k\u00e9sz\u00fclt. Az adatgy\u0171jt\u00e9s c\u00e9lja: Szolg\u00e1ltat\u00f3 a weboldal teljes k\u00f6r\u0171 haszn\u00e1lata, szolg\u00e1ltat\u00e1s [&hellip;]\" \/>\n<meta property=\"og:url\" content=\"https:\/\/zepecafe-webaruhaz.hu\/en_us\/adatvedelmi-tajekoztato\/\" \/>\n<meta property=\"og:site_name\" content=\"Z\u00e9-P\u00e9 Caf\u00e9 Kft.\" \/>\n<meta property=\"article:publisher\" content=\"https:\/\/www.facebook.com\/zepecafekft.bekescsaba\" \/>\n<meta property=\"article:modified_time\" content=\"2025-03-12T08:47:22+00:00\" \/>\n<meta name=\"twitter:card\" content=\"summary_large_image\" \/>\n<meta name=\"twitter:label1\" content=\"Est. reading time\" \/>\n\t<meta name=\"twitter:data1\" content=\"23 minutes\" \/>\n<script type=\"application\/ld+json\" class=\"yoast-schema-graph\">{\"@context\":\"https:\\\/\\\/schema.org\",\"@graph\":[{\"@type\":\"WebPage\",\"@id\":\"https:\\\/\\\/zepecafe-webaruhaz.hu\\\/adatvedelmi-tajekoztato\\\/\",\"url\":\"https:\\\/\\\/zepecafe-webaruhaz.hu\\\/adatvedelmi-tajekoztato\\\/\",\"name\":\"Adatv\u00e9delmi T\u00e1j\u00e9koztat\u00f3 - Z\u00e9-P\u00e9 Caf\u00e9 Kft.\",\"isPartOf\":{\"@id\":\"http:\\\/\\\/zepecafe-webaruhaz.hu\\\/hu\\\/#website\"},\"datePublished\":\"2024-12-03T11:06:18+00:00\",\"dateModified\":\"2025-03-12T08:47:22+00:00\",\"breadcrumb\":{\"@id\":\"https:\\\/\\\/zepecafe-webaruhaz.hu\\\/adatvedelmi-tajekoztato\\\/#breadcrumb\"},\"inLanguage\":\"en-US\",\"potentialAction\":[{\"@type\":\"ReadAction\",\"target\":[\"https:\\\/\\\/zepecafe-webaruhaz.hu\\\/adatvedelmi-tajekoztato\\\/\"]}]},{\"@type\":\"BreadcrumbList\",\"@id\":\"https:\\\/\\\/zepecafe-webaruhaz.hu\\\/adatvedelmi-tajekoztato\\\/#breadcrumb\",\"itemListElement\":[{\"@type\":\"ListItem\",\"position\":1,\"name\":\"Kezd\u0151lap\",\"item\":\"https:\\\/\\\/zepecafe-webaruhaz.hu\\\/hu\\\/\"},{\"@type\":\"ListItem\",\"position\":2,\"name\":\"Adatv\u00e9delmi T\u00e1j\u00e9koztat\u00f3\"}]},{\"@type\":\"WebSite\",\"@id\":\"http:\\\/\\\/zepecafe-webaruhaz.hu\\\/hu\\\/#website\",\"url\":\"http:\\\/\\\/zepecafe-webaruhaz.hu\\\/hu\\\/\",\"name\":\"Z\u00e9-P\u00e9 Caf\u00e9 Kft.\",\"description\":\"T\u00e1rsas\u00e1gunk, a Z\u00c9-P\u00c9 Caf\u00e9 Kft., mely 1998 \u00f3ta m\u0171k\u00f6dik, t\u00f6bbs\u00e9g\u00e9ben Olaszorsz\u00e1gb\u00f3l import\u00e1lt, friss ki\u0151rl\u00e9s\u0171 k\u00e1v\u00e9t lef\u0151z\u0151 automata g\u00e9pek forgalmaz\u00e1s\u00e1val \u00e9s b\u00e9rbead\u00e1s\u00e1val foglalkozik.\",\"publisher\":{\"@id\":\"http:\\\/\\\/zepecafe-webaruhaz.hu\\\/hu\\\/#organization\"},\"potentialAction\":[{\"@type\":\"SearchAction\",\"target\":{\"@type\":\"EntryPoint\",\"urlTemplate\":\"http:\\\/\\\/zepecafe-webaruhaz.hu\\\/hu\\\/?s={search_term_string}\"},\"query-input\":{\"@type\":\"PropertyValueSpecification\",\"valueRequired\":true,\"valueName\":\"search_term_string\"}}],\"inLanguage\":\"en-US\"},{\"@type\":\"Organization\",\"@id\":\"http:\\\/\\\/zepecafe-webaruhaz.hu\\\/hu\\\/#organization\",\"name\":\"Z\u00e9-P\u00e9 Caf\u00e9 Kft.\",\"url\":\"http:\\\/\\\/zepecafe-webaruhaz.hu\\\/hu\\\/\",\"logo\":{\"@type\":\"ImageObject\",\"inLanguage\":\"en-US\",\"@id\":\"http:\\\/\\\/zepecafe-webaruhaz.hu\\\/hu\\\/#\\\/schema\\\/logo\\\/image\\\/\",\"url\":\"https:\\\/\\\/zepecafe-webaruhaz.hu\\\/wp-content\\\/uploads\\\/2025\\\/01\\\/logouj.png\",\"contentUrl\":\"https:\\\/\\\/zepecafe-webaruhaz.hu\\\/wp-content\\\/uploads\\\/2025\\\/01\\\/logouj.png\",\"width\":300,\"height\":300,\"caption\":\"Z\u00e9-P\u00e9 Caf\u00e9 Kft.\"},\"image\":{\"@id\":\"http:\\\/\\\/zepecafe-webaruhaz.hu\\\/hu\\\/#\\\/schema\\\/logo\\\/image\\\/\"},\"sameAs\":[\"https:\\\/\\\/www.facebook.com\\\/zepecafekft.bekescsaba\"]}]}<\/script>\n<!-- \/ Yoast SEO plugin. -->",
    "yoast_head_json": {
        "title": "Adatv\u00e9delmi T\u00e1j\u00e9koztat\u00f3 - Z\u00e9-P\u00e9 Caf\u00e9 Kft.",
        "robots": {
            "index": "index",
            "follow": "follow",
            "max-snippet": "max-snippet:-1",
            "max-image-preview": "max-image-preview:large",
            "max-video-preview": "max-video-preview:-1"
        },
        "canonical": "https:\/\/zepecafe-webaruhaz.hu\/en_us\/adatvedelmi-tajekoztato\/",
        "og_locale": "en_US",
        "og_type": "article",
        "og_title": "Adatv\u00e9delmi T\u00e1j\u00e9koztat\u00f3 - Z\u00e9-P\u00e9 Caf\u00e9 Kft.",
        "og_description": "A jelen t\u00e1j\u00e9koztat\u00f3 a Z\u00e9-P\u00e9 Caf\u00e9 Kft. (a tov\u00e1bbiakban: a \u201eSzolg\u00e1ltat\u00f3\u201d) \u00e1ltal \u00fczemeltetett honlapon www.zepecafe.hu internetes \u00fczletben (a \u201eWeb\u00e1ruh\u00e1z\u201d) t\u00f6rt\u00e9n\u0151 v\u00e1s\u00e1rl\u00e1s kapcs\u00e1n a v\u00e1s\u00e1rl\u00f3val kapcsolatos adatkezel\u00e9si szab\u00e1lyokat tartalmazza, amely a 2011. \u00e9vi CXII. t\u00f6rv\u00e9ny az inform\u00e1ci\u00f3s \u00f6nrendelkez\u00e9si jogr\u00f3l \u00e9s az inform\u00e1ci\u00f3szabads\u00e1gr\u00f3l sz\u00f3l\u00f3 t\u00f6rv\u00e9ny alapj\u00e1n k\u00e9sz\u00fclt. Az adatgy\u0171jt\u00e9s c\u00e9lja: Szolg\u00e1ltat\u00f3 a weboldal teljes k\u00f6r\u0171 haszn\u00e1lata, szolg\u00e1ltat\u00e1s [&hellip;]",
        "og_url": "https:\/\/zepecafe-webaruhaz.hu\/en_us\/adatvedelmi-tajekoztato\/",
        "og_site_name": "Z\u00e9-P\u00e9 Caf\u00e9 Kft.",
        "article_publisher": "https:\/\/www.facebook.com\/zepecafekft.bekescsaba",
        "article_modified_time": "2025-03-12T08:47:22+00:00",
        "twitter_card": "summary_large_image",
        "twitter_misc": {
            "Est. reading time": "23 minutes"
        },
        "schema": {
            "@context": "https:\/\/schema.org",
            "@graph": [
                {
                    "@type": "WebPage",
                    "@id": "https:\/\/zepecafe-webaruhaz.hu\/adatvedelmi-tajekoztato\/",
                    "url": "https:\/\/zepecafe-webaruhaz.hu\/adatvedelmi-tajekoztato\/",
                    "name": "Adatv\u00e9delmi T\u00e1j\u00e9koztat\u00f3 - Z\u00e9-P\u00e9 Caf\u00e9 Kft.",
                    "isPartOf": {
                        "@id": "http:\/\/zepecafe-webaruhaz.hu\/hu\/#website"
                    },
                    "datePublished": "2024-12-03T11:06:18+00:00",
                    "dateModified": "2025-03-12T08:47:22+00:00",
                    "breadcrumb": {
                        "@id": "https:\/\/zepecafe-webaruhaz.hu\/adatvedelmi-tajekoztato\/#breadcrumb"
                    },
                    "inLanguage": "en-US",
                    "potentialAction": [
                        {
                            "@type": "ReadAction",
                            "target": [
                                "https:\/\/zepecafe-webaruhaz.hu\/adatvedelmi-tajekoztato\/"
                            ]
                        }
                    ]
                },
                {
                    "@type": "BreadcrumbList",
                    "@id": "https:\/\/zepecafe-webaruhaz.hu\/adatvedelmi-tajekoztato\/#breadcrumb",
                    "itemListElement": [
                        {
                            "@type": "ListItem",
                            "position": 1,
                            "name": "Kezd\u0151lap",
                            "item": "https:\/\/zepecafe-webaruhaz.hu\/hu\/"
                        },
                        {
                            "@type": "ListItem",
                            "position": 2,
                            "name": "Adatv\u00e9delmi T\u00e1j\u00e9koztat\u00f3"
                        }
                    ]
                },
                {
                    "@type": "WebSite",
                    "@id": "http:\/\/zepecafe-webaruhaz.hu\/hu\/#website",
                    "url": "http:\/\/zepecafe-webaruhaz.hu\/hu\/",
                    "name": "Z\u00e9-P\u00e9 Caf\u00e9 Kft.",
                    "description": "T\u00e1rsas\u00e1gunk, a Z\u00c9-P\u00c9 Caf\u00e9 Kft., mely 1998 \u00f3ta m\u0171k\u00f6dik, t\u00f6bbs\u00e9g\u00e9ben Olaszorsz\u00e1gb\u00f3l import\u00e1lt, friss ki\u0151rl\u00e9s\u0171 k\u00e1v\u00e9t lef\u0151z\u0151 automata g\u00e9pek forgalmaz\u00e1s\u00e1val \u00e9s b\u00e9rbead\u00e1s\u00e1val foglalkozik.",
                    "publisher": {
                        "@id": "http:\/\/zepecafe-webaruhaz.hu\/hu\/#organization"
                    },
                    "potentialAction": [
                        {
                            "@type": "SearchAction",
                            "target": {
                                "@type": "EntryPoint",
                                "urlTemplate": "http:\/\/zepecafe-webaruhaz.hu\/hu\/?s={search_term_string}"
                            },
                            "query-input": {
                                "@type": "PropertyValueSpecification",
                                "valueRequired": true,
                                "valueName": "search_term_string"
                            }
                        }
                    ],
                    "inLanguage": "en-US"
                },
                {
                    "@type": "Organization",
                    "@id": "http:\/\/zepecafe-webaruhaz.hu\/hu\/#organization",
                    "name": "Z\u00e9-P\u00e9 Caf\u00e9 Kft.",
                    "url": "http:\/\/zepecafe-webaruhaz.hu\/hu\/",
                    "logo": {
                        "@type": "ImageObject",
                        "inLanguage": "en-US",
                        "@id": "http:\/\/zepecafe-webaruhaz.hu\/hu\/#\/schema\/logo\/image\/",
                        "url": "https:\/\/zepecafe-webaruhaz.hu\/wp-content\/uploads\/2025\/01\/logouj.png",
                        "contentUrl": "https:\/\/zepecafe-webaruhaz.hu\/wp-content\/uploads\/2025\/01\/logouj.png",
                        "width": 300,
                        "height": 300,
                        "caption": "Z\u00e9-P\u00e9 Caf\u00e9 Kft."
                    },
                    "image": {
                        "@id": "http:\/\/zepecafe-webaruhaz.hu\/hu\/#\/schema\/logo\/image\/"
                    },
                    "sameAs": [
                        "https:\/\/www.facebook.com\/zepecafekft.bekescsaba"
                    ]
                }
            ]
        }
    },
    "_links": {
        "self": [
            {
                "href": "http:\/\/zepecafe-webaruhaz.hu\/en_us\/wp-json\/wp\/v2\/pages\/3",
                "targetHints": {
                    "allow": [
                        "GET"
                    ]
                }
            }
        ],
        "collection": [
            {
                "href": "http:\/\/zepecafe-webaruhaz.hu\/en_us\/wp-json\/wp\/v2\/pages"
            }
        ],
        "about": [
            {
                "href": "http:\/\/zepecafe-webaruhaz.hu\/en_us\/wp-json\/wp\/v2\/types\/page"
            }
        ],
        "author": [
            {
                "embeddable": true,
                "href": "http:\/\/zepecafe-webaruhaz.hu\/en_us\/wp-json\/wp\/v2\/users\/1"
            }
        ],
        "replies": [
            {
                "embeddable": true,
                "href": "http:\/\/zepecafe-webaruhaz.hu\/en_us\/wp-json\/wp\/v2\/comments?post=3"
            }
        ],
        "version-history": [
            {
                "count": 1,
                "href": "http:\/\/zepecafe-webaruhaz.hu\/en_us\/wp-json\/wp\/v2\/pages\/3\/revisions"
            }
        ],
        "predecessor-version": [
            {
                "id": 5943,
                "href": "http:\/\/zepecafe-webaruhaz.hu\/en_us\/wp-json\/wp\/v2\/pages\/3\/revisions\/5943"
            }
        ],
        "wp:attachment": [
            {
                "href": "http:\/\/zepecafe-webaruhaz.hu\/en_us\/wp-json\/wp\/v2\/media?parent=3"
            }
        ],
        "curies": [
            {
                "name": "wp",
                "href": "https:\/\/api.w.org\/{rel}",
                "templated": true
            }
        ]
    }
}